{"id":998,"date":"2018-12-09T00:13:03","date_gmt":"2018-12-08T22:13:03","guid":{"rendered":"https:\/\/www.reinicio.net\/?p=998"},"modified":"2018-12-09T00:27:16","modified_gmt":"2018-12-08T22:27:16","slug":"calidad-de-produccion-calidad-de-tiempo-calidad-de-vida","status":"publish","type":"post","link":"https:\/\/www.reinicio.net\/index.php\/calidad-de-produccion-calidad-de-tiempo-calidad-de-vida\/","title":{"rendered":"Calidad de producci\u00f3n, calidad de tiempo, calidad de vida"},"content":{"rendered":"<p><img loading=\"lazy\" decoding=\"async\" class=\"aligncenter size-full wp-image-995\" src=\"https:\/\/www.reinicio.net\/wp-content\/uploads\/2018\/12\/Calidad-de-produccio\u0301n.jpg\" alt=\"Calidad de produccio\u0301n\" width=\"698\" height=\"375\" srcset=\"https:\/\/www.reinicio.net\/wp-content\/uploads\/2018\/12\/Calidad-de-produccio\u0301n.jpg 698w, https:\/\/www.reinicio.net\/wp-content\/uploads\/2018\/12\/Calidad-de-produccio\u0301n-300x161.jpg 300w\" sizes=\"(max-width: 698px) 100vw, 698px\" \/><br \/>\nHoy una bonita botella de cristal con cierre tipo gaseosa se parte por la base cuando la abro. Conten\u00eda solo agua a temperatura ambiente. Se ha partido, sin ning\u00fan golpe, a las 2 semanas de uso.<br \/>\nEncontr\u00e9 varias en un chino y las compr\u00e9 por su precio, por su decoraci\u00f3n y por su cierre de alambre y goma \u00abvintage\u00bb (lo pr\u00e1ctico no pasa de moda). Las vend\u00eda una tienda \u00abde chinos\u00bb pero est\u00e1n fabricadas en Valencia, Espa\u00f1a&#8230;<br \/>\nMe hizo pensar: \u00bfSer\u00e1 que, por el aluvi\u00f3n de productos de baja calidad y el descenso general de la calidad de los servicios en todos los \u00e1mbitos caemos en la tentaci\u00f3n o creemos tener coartada para bajar la calidad de nuestra producci\u00f3n, servicios y atenci\u00f3n? \u00bfSer\u00e1 contagiosa esta desidia?<br \/>\nNo s\u00e9 la respuesta (quiz\u00e1s vosotros s\u00ed) pero s\u00ed s\u00e9 algo que me importa, desde el punto de vista personal y profesional: Bajar la calidad de lo que hacemos baja la calidad del tiempo que invertimos, la de nuestro inter\u00e9s e implicaci\u00f3n y, m\u00e1s pronto o m\u00e1s tarde, la confianza de nuestros clientes y colaboradores.<br \/>\nY si bajamos la calidad de nuestro tiempo, bajamos nuestra calidad, de vida y de modo de vivirla. Entramos y contribuimos al saco de la mediocridad y el desinter\u00e9s que, como la Nada en La Historia Interminable de Michel Ende, parece crecer y querer engullirlo todo. Planeta y especie incluidos.<br \/>\nSe me rompe una botella sin motivo. Qui\u00e9n sabe en qu\u00e9 parte del proceso de su producci\u00f3n est\u00e1 la causa. Qui\u00e9n sabe qu\u00e9 decisi\u00f3n contribuye a la fragilidad del producto y, por \u00faltimo, qui\u00e9n sabe cu\u00e1nto interesa a este fabricante la satisfacci\u00f3n de sus clientes. Y deber\u00eda conocerse todo esto \u00bfno os parece? Importa.<br \/>\nEn todo caso no voy a usar botellas de pl\u00e1stico, en esa tienda no vuelvo a comprar botellas y estar\u00e9 atento a los productos de este fabricante para no comprarlos m\u00e1s.<br \/>\nPrefiero seguir cuidando lo que consumo y lo que realizo con el mismo cuidado que mi familia, colaboradores y clientes me han merecido hasta hoy. Por cuidarme yo, tambi\u00e9n.<\/p>\n","protected":false},"excerpt":{"rendered":"<p><img decoding=\"async\" class=\"size-medium alignright wp-image-91\" style=\"margin: -30px 0 0 26px;\" title=\"Calidad de producci\u00f3n, calidad de tiempo, calidad de vida\" src=\"https:\/\/www.reinicio.net\/wp-content\/uploads\/2018\/12\/CalidadProduccio\u0301nHOME.jpg\" alt=\"\" \/><br \/>\nHoy una bonita botella de cristal con cierre tipo gaseosa se parte por la base cuando la abro. Conten\u00eda solo agua a temperatura ambiente. Se ha partido, sin ning\u00fan golpe, a las 2 semanas de uso.<br \/>\nEncontr\u00e9 varias en un chino y las compr\u00e9 por su precio, por su decoraci\u00f3n y por su cierre de alambre y goma \u00abvintage\u00bb (lo pr\u00e1ctico no pasa de moda). Las vend\u00eda una tienda \u00abde chinos\u00bb pero est\u00e1n fabricadas en Valencia, Espa\u00f1a&#8230;<\/p>\n","protected":false},"author":2,"featured_media":0,"comment_status":"open","ping_status":"open","sticky":false,"template":"","format":"standard","meta":{"_monsterinsights_skip_tracking":false,"_monsterinsights_sitenote_active":false,"_monsterinsights_sitenote_note":"","_monsterinsights_sitenote_category":0,"footnotes":""},"categories":[8],"tags":[],"class_list":["post-998","post","type-post","status-publish","format-standard","hentry","category-nos-interesa"],"_links":{"self":[{"href":"https:\/\/www.reinicio.net\/index.php\/wp-json\/wp\/v2\/posts\/998"}],"collection":[{"href":"https:\/\/www.reinicio.net\/index.php\/wp-json\/wp\/v2\/posts"}],"about":[{"href":"https:\/\/www.reinicio.net\/index.php\/wp-json\/wp\/v2\/types\/post"}],"author":[{"embeddable":true,"href":"https:\/\/www.reinicio.net\/index.php\/wp-json\/wp\/v2\/users\/2"}],"replies":[{"embeddable":true,"href":"https:\/\/www.reinicio.net\/index.php\/wp-json\/wp\/v2\/comments?post=998"}],"version-history":[{"count":6,"href":"https:\/\/www.reinicio.net\/index.php\/wp-json\/wp\/v2\/posts\/998\/revisions"}],"predecessor-version":[{"id":1010,"href":"https:\/\/www.reinicio.net\/index.php\/wp-json\/wp\/v2\/posts\/998\/revisions\/1010"}],"wp:attachment":[{"href":"https:\/\/www.reinicio.net\/index.php\/wp-json\/wp\/v2\/media?parent=998"}],"wp:term":[{"taxonomy":"category","embeddable":true,"href":"https:\/\/www.reinicio.net\/index.php\/wp-json\/wp\/v2\/categories?post=998"},{"taxonomy":"post_tag","embeddable":true,"href":"https:\/\/www.reinicio.net\/index.php\/wp-json\/wp\/v2\/tags?post=998"}],"curies":[{"name":"wp","href":"https:\/\/api.w.org\/{rel}","templated":true}]}}