{"id":917,"date":"2015-08-10T08:49:57","date_gmt":"2015-08-10T06:49:57","guid":{"rendered":"http:\/\/www.reinicio.net\/?p=917"},"modified":"2015-08-10T08:49:57","modified_gmt":"2015-08-10T06:49:57","slug":"the-laundry","status":"publish","type":"post","link":"https:\/\/www.reinicio.net\/index.php\/the-laundry\/","title":{"rendered":"The Laundry"},"content":{"rendered":"<p><a href=\"http:\/\/www.thelaundry.es\/\" target=\"_blank\"><img decoding=\"async\" class=\"alignright size-full wp-image-40\" title=\"The Laundry\" alt=\"Imagen The Laundry\" src=\"http:\/\/www.reinicio.net\/wp-content\/uploads\/2015\/08\/TLlogo.png\"\/><\/a><br \/>\nThe Laundry nace como marca cosmopolita y profundas ra\u00edces en su entorno \u2013Galicia\u2013 y tradiciones. La idea es retomar y homenajear la funci\u00f3n social del lavado de ropa que ten\u00edan lavadoiros y lavandeiras en siglos pasados.<\/p>\n<p>Recopilamos, investigamos, contrastamos informaci\u00f3n y damos forma a un dise\u00f1o que a\u00fane la idea gen\u00e9rica de su nombre y personalice su propuesta sorprendiendo y atrayendo. Resulta una marca con personalidad y sentido con la que su p\u00fablico empatiza. <\/p>\n<p>Ver proceso de trabajo completo en <strong><a href=\"http:\/\/www.reinicio.net\/wp-content\/uploads\/2015\/08\/INFOGRAFiATheLaundry.jpg\">infograf\u00eda The Laundry<\/a><\/strong><\/p>\n<p><strong><a href=\"http:\/\/www.reinicio.net\/wp-content\/uploads\/2015\/08\/INFOGRAFI\u0301A-TheLaundry.pdf\">Descargar PDF<\/a><\/strong><\/p>\n","protected":false},"excerpt":{"rendered":"<p><img loading=\"lazy\" decoding=\"async\" class=\"alignright size-full wp-image-40\" title=\"The Laundry\" src=\"http:\/\/www.reinicio.net\/wp-content\/uploads\/2015\/08\/TLhome.png\" width=\"141\" height=\"141\" \/><\/p>\n<div class=\"caso-resumen\">Nace una nueva marca de lavander\u00edas autom\u00e1ticas en Galicia: The Laundry. Creamos para ella identidad visual, estilo de comunicaci\u00f3n y estrategia de marca.<\/div>\n<p><strong><a href=\"http:\/\/www.reinicio.net\/wp-content\/uploads\/2015\/08\/INFOGRAFiATheLaundry.jpg\">Ver infograf\u00eda<\/a><\/strong><br \/> <strong><a href=\"http:\/\/www.reinicio.net\/wp-content\/uploads\/2015\/08\/INFOGRAFI\u0301A-TheLaundry.pdf\">Descargar PDF<\/a><\/strong><\/p>\n","protected":false},"author":4,"featured_media":0,"comment_status":"open","ping_status":"open","sticky":false,"template":"","format":"standard","meta":{"_monsterinsights_skip_tracking":false,"_monsterinsights_sitenote_active":false,"_monsterinsights_sitenote_note":"","_monsterinsights_sitenote_category":0,"footnotes":""},"categories":[7],"tags":[],"class_list":["post-917","post","type-post","status-publish","format-standard","hentry","category-casos"],"_links":{"self":[{"href":"https:\/\/www.reinicio.net\/index.php\/wp-json\/wp\/v2\/posts\/917"}],"collection":[{"href":"https:\/\/www.reinicio.net\/index.php\/wp-json\/wp\/v2\/posts"}],"about":[{"href":"https:\/\/www.reinicio.net\/index.php\/wp-json\/wp\/v2\/types\/post"}],"author":[{"embeddable":true,"href":"https:\/\/www.reinicio.net\/index.php\/wp-json\/wp\/v2\/users\/4"}],"replies":[{"embeddable":true,"href":"https:\/\/www.reinicio.net\/index.php\/wp-json\/wp\/v2\/comments?post=917"}],"version-history":[{"count":3,"href":"https:\/\/www.reinicio.net\/index.php\/wp-json\/wp\/v2\/posts\/917\/revisions"}],"predecessor-version":[{"id":924,"href":"https:\/\/www.reinicio.net\/index.php\/wp-json\/wp\/v2\/posts\/917\/revisions\/924"}],"wp:attachment":[{"href":"https:\/\/www.reinicio.net\/index.php\/wp-json\/wp\/v2\/media?parent=917"}],"wp:term":[{"taxonomy":"category","embeddable":true,"href":"https:\/\/www.reinicio.net\/index.php\/wp-json\/wp\/v2\/categories?post=917"},{"taxonomy":"post_tag","embeddable":true,"href":"https:\/\/www.reinicio.net\/index.php\/wp-json\/wp\/v2\/tags?post=917"}],"curies":[{"name":"wp","href":"https:\/\/api.w.org\/{rel}","templated":true}]}}