{"id":811,"date":"2015-03-04T00:30:18","date_gmt":"2015-03-03T22:30:18","guid":{"rendered":"http:\/\/www.reinicio.net\/?p=811"},"modified":"2015-03-14T22:26:59","modified_gmt":"2015-03-14T20:26:59","slug":"que-es-una-marca-y-para-que-sirve","status":"publish","type":"post","link":"https:\/\/www.reinicio.net\/index.php\/que-es-una-marca-y-para-que-sirve\/","title":{"rendered":"\u00bfQu\u00e9 es una marca?"},"content":{"rendered":"<p>Manejamos con soltura el concepto \u201cmarca\u201d y preferimos unas a otras pero <strong>\u00bfconsideramos c\u00f3mo puede servir a nuestra vida profesional crear nuestra propia marca?<\/strong>.<br \/>\nEs m\u00e1s vital que nunca, en un contexto laboral y econ\u00f3mico revuelto, <strong>definir tu identidad, tus fortalezas, qu\u00e9 podemos ofrecer y qui\u00e9n puede necesitarnos.<\/strong><br \/>\nEso es nuestra marca, <strong>la tenemos queramos o no igual que comunicamos seamos conscientes o no<\/strong>.<br \/>\nEs nuestra decisi\u00f3n usarla para conseguir nuestros objetivos.<\/p>\n<p><a href=\"http:\/\/www.reinicio.net\/wp-content\/uploads\/2015\/03\/May.jpg\"><img loading=\"lazy\" decoding=\"async\" class=\"alignleft wp-image-819 size-medium\" src=\"http:\/\/www.reinicio.net\/wp-content\/uploads\/2015\/03\/May-237x300.jpg\" alt=\"May\" width=\"237\" height=\"300\" srcset=\"https:\/\/www.reinicio.net\/wp-content\/uploads\/2015\/03\/May-237x300.jpg 237w, https:\/\/www.reinicio.net\/wp-content\/uploads\/2015\/03\/May.jpg 352w\" sizes=\"(max-width: 237px) 100vw, 237px\" \/><\/a> Una marca es, por orden de importancia y v\u00e1lido para personas, empresas u organizaciones:<\/p>\n<p>Una <strong>descripci\u00f3n de nuestra personalidad<\/strong><\/p>\n<p>La <strong>percepci\u00f3n de nuestra identidad<\/strong><\/p>\n<p>Un <strong>reflejo de nuestras competencia<\/strong><\/p>\n<p>Una <strong>muestra de nuestra autenticidad<\/strong><\/p>\n<p>Un <strong>reflejo de nuestros valores<\/strong> y pasiones<\/p>\n<p>La expresi\u00f3n de <strong>algo que es \u00fanico<\/strong><\/p>\n<p>La <strong>comunicaci\u00f3n constante<\/strong> de nuestras habilidades<\/p>\n<p>Una <strong>promesa de valor<\/strong><\/p>\n<p>Una <strong>conexi\u00f3n emocional<\/strong> entre nosotros y nuestro entorno<\/p>\n<p>Una <strong>forma de identificar nuestra identidad<\/strong>, producto o servicio con un compromiso de satisfacci\u00f3n y calidad<\/p>\n<p>Una<strong> promesa consistente<\/strong> en el tiempo, lo promete su comunicaci\u00f3n y es cumplida por su producto o servicio<\/p>\n<p>Un <strong>nombre o s\u00edmbolo que utilizamos para identificar<\/strong> productos o servicios (o personas) y diferenciarlos de otros<\/p>\n<p>El <strong>conjunto de caracter\u00edsticas y\/o cualidades<\/strong> asociadas a esos nombres o s\u00edmbolos de marca que puede incrementar o reducir el valor del producto o servicio<a href=\"http:\/\/www.reinicio.net\/wp-content\/uploads\/2015\/03\/Salpicadura.jpg\"><img loading=\"lazy\" decoding=\"async\" class=\"alignright size-medium wp-image-815\" src=\"http:\/\/www.reinicio.net\/wp-content\/uploads\/2015\/03\/Salpicadura-228x300.jpg\" alt=\"Salpicadura\" width=\"228\" height=\"300\" srcset=\"https:\/\/www.reinicio.net\/wp-content\/uploads\/2015\/03\/Salpicadura-228x300.jpg 228w, https:\/\/www.reinicio.net\/wp-content\/uploads\/2015\/03\/Salpicadura.jpg 668w\" sizes=\"(max-width: 228px) 100vw, 228px\" \/><\/a><\/p>\n<p>El <strong>conjunto de percepciones<\/strong> en la mente del consumidor asociadas a cada nombre, s\u00edmbolo o relaci\u00f3n con ellos<\/p>\n<p>Un <strong>proveedor de conversaciones<\/strong>. Sin su aspecto social, una marca deja de existir.<\/p>\n<p>Lo que los dem\u00e1s dicen de ti cuando no est\u00e1s delante<\/p>\n<p>La definici\u00f3n de confianza<\/p>\n<p>Fuentes (adem\u00e1s de nuestra propia experiencia :o) :<\/p>\n<p>Marca personal. C\u00f3mo convertirse en la opci\u00f3n preferente. Andr\u00e9s P\u00e9rez Ortega. ESIC <a href=\"http:\/\/www.marcapropia.net\/libros\/libro\" target=\"_blank\">http:\/\/www.marcapropia.net\/libros\/libro<br \/>\n<\/a>Urbrands, Risto Mejide, Premio Espasa de ensayo 2014. <a href=\"http:\/\/ristomejide.com\/2014\/09\/10\/risto-mejide-premio-espasa-2014-por-su-ensayo-urbrands\/\" target=\"_blank\">http:\/\/ristomejide.com\/2014\/09\/10\/risto-mejide-premio-espasa-2014-por-su-ensayo-urbrands\/<br \/>\n<\/a>Jeff Bezos, CEO de Amazon <a href=\"http:\/\/www.soymimarca.com\/tu-marca-personal-es-lo-que-dicen-de-ti-cuando-no-estas-delante\/\" target=\"_blank\">http:\/\/www.soymimarca.com\/tu-marca-personal-es-lo-que-dicen-de-ti-cuando-no-estas-delante\/<\/a><\/p>\n","protected":false},"excerpt":{"rendered":"<p><img decoding=\"async\" class=\"size-medium alignright wp-image-91\" title=\"\u00bfPara qu\u00e9 sirve una marca?\" src=\"http:\/\/www.reinicio.net\/wp-content\/uploads\/2015\/03\/57e7c873c866cebba38d3f86a3220de0-e1426356780212.jpg\" style=\"margin: -30px 0 0 26px;\"><br \/>\nManejamos con soltura el concepto \u201cmarca\u201d y preferimos unas a otras pero <strong>\u00bfconsideramos c\u00f3mo puede servir a nuestra vida profesional crear nuestra propia marca?<\/strong>.<br \/>\nEs m\u00e1s vital que nunca, en un contexto laboral y econ\u00f3mico revuelto, <strong>definir tu identidad, tus fortalezas, qu\u00e9 podemos ofrecer y qui\u00e9n puede necesitarnos.<\/strong><br \/>\nEso es nuestra marca, <strong>la tenemos queramos o no igual que comunicamos seamos conscientes o no<\/strong>.<br \/>\nEs nuestra decisi\u00f3n usarla para conseguir nuestros objetivos.<\/p>\n<p><\/p>\n","protected":false},"author":2,"featured_media":0,"comment_status":"open","ping_status":"open","sticky":false,"template":"","format":"standard","meta":{"_monsterinsights_skip_tracking":false,"_monsterinsights_sitenote_active":false,"_monsterinsights_sitenote_note":"","_monsterinsights_sitenote_category":0,"footnotes":""},"categories":[8],"tags":[40,11,18,9,41,38,39,16,32],"class_list":["post-811","post","type-post","status-publish","format-standard","hentry","category-nos-interesa","tag-brand","tag-branding","tag-confianza","tag-identidad","tag-identitying","tag-marca","tag-marca-personal","tag-sostenibilidad","tag-storytelling"],"_links":{"self":[{"href":"https:\/\/www.reinicio.net\/index.php\/wp-json\/wp\/v2\/posts\/811"}],"collection":[{"href":"https:\/\/www.reinicio.net\/index.php\/wp-json\/wp\/v2\/posts"}],"about":[{"href":"https:\/\/www.reinicio.net\/index.php\/wp-json\/wp\/v2\/types\/post"}],"author":[{"embeddable":true,"href":"https:\/\/www.reinicio.net\/index.php\/wp-json\/wp\/v2\/users\/2"}],"replies":[{"embeddable":true,"href":"https:\/\/www.reinicio.net\/index.php\/wp-json\/wp\/v2\/comments?post=811"}],"version-history":[{"count":23,"href":"https:\/\/www.reinicio.net\/index.php\/wp-json\/wp\/v2\/posts\/811\/revisions"}],"predecessor-version":[{"id":844,"href":"https:\/\/www.reinicio.net\/index.php\/wp-json\/wp\/v2\/posts\/811\/revisions\/844"}],"wp:attachment":[{"href":"https:\/\/www.reinicio.net\/index.php\/wp-json\/wp\/v2\/media?parent=811"}],"wp:term":[{"taxonomy":"category","embeddable":true,"href":"https:\/\/www.reinicio.net\/index.php\/wp-json\/wp\/v2\/categories?post=811"},{"taxonomy":"post_tag","embeddable":true,"href":"https:\/\/www.reinicio.net\/index.php\/wp-json\/wp\/v2\/tags?post=811"}],"curies":[{"name":"wp","href":"https:\/\/api.w.org\/{rel}","templated":true}]}}