{"id":707,"date":"2014-04-24T14:55:17","date_gmt":"2014-04-24T12:55:17","guid":{"rendered":"http:\/\/www.reinicio.net\/?p=707"},"modified":"2014-06-13T10:06:44","modified_gmt":"2014-06-13T08:06:44","slug":"autobiografia-productiva-versus-memorias","status":"publish","type":"post","link":"https:\/\/www.reinicio.net\/index.php\/autobiografia-productiva-versus-memorias\/","title":{"rendered":"Autobiograf\u00eda versus memorias"},"content":{"rendered":"<p>Seg\u00fan los especialistas en educaci\u00f3n, desde que nacemos percibimos a otras personas y, <a href=\"http:\/\/blogs.elconfidencial.com\/alma-corazon-vida\/relacion-padres-hijos\/2012\/07\/27\/la-identidad-del-nino-quien-es-y-quien-cree-que-es-102650\" target=\"_blank\">desde los seis meses nos percibimos a nosotros mismos<\/a> (1). Formamos <strong>primero nuestra identidad<\/strong> (qui\u00e9nes somos) y <strong>despu\u00e9s nuestra auto-imagen<\/strong> (qui\u00e9n creemos que somos). A partir de ah\u00ed evoluciona la idea de qui\u00e9nes somos y aprendemos interactuando con lo que nos rodea.<\/p>\n<p>Nuestras acciones y nuestr<a href=\"http:\/\/www.reinicio.net\/wp-content\/uploads\/2014\/04\/c04c7300eb76a006607fda4813ea117c.jpg\"><img loading=\"lazy\" decoding=\"async\" class=\"alignleft wp-image-713\" src=\"http:\/\/www.reinicio.net\/wp-content\/uploads\/2014\/04\/c04c7300eb76a006607fda4813ea117c.jpg\" alt=\"c04c7300eb76a006607fda4813ea117c\" width=\"344\" height=\"525\" srcset=\"https:\/\/www.reinicio.net\/wp-content\/uploads\/2014\/04\/c04c7300eb76a006607fda4813ea117c.jpg 492w, https:\/\/www.reinicio.net\/wp-content\/uploads\/2014\/04\/c04c7300eb76a006607fda4813ea117c-196x300.jpg 196w\" sizes=\"(max-width: 344px) 100vw, 344px\" \/><\/a>o aprendizaje avanzan a medida que encaramos etapas, desaf\u00edos y evaluaciones, propias y ajenas.<br \/>\nQui\u00e9n no recuerda, por ejemplo, la ansiedad previa a aquel examen m\u00e1s que sus contenidos o c\u00f3mo ganamos la confianza de aquel cliente o jefe que se nos resist\u00eda. Nuestra personalidad, estilo, car\u00e1cter, preferencias, van evolucionando y dan forma a nuestro \u201ccurr\u00edculum\u201d, vivencial o corporativo que abre o cierra posibilidades de crecimiento hacia un lado u otro.<\/p>\n<p>En los inicios quiz\u00e1s detectemos una fuerte vocaci\u00f3n \u2013\u201cel elemento\u201d en que nos encontramos a nosotros mismos, en <a href=\"http:\/\/youtu.be\/TOHaSdZfwP4\" target=\"_blank\">la definici\u00f3n de Sir Ken Robinson<\/a> (1bis)\u2013 con nitidez, podamos cabalgar sobre ella hacia nuestra pasi\u00f3n y desarrollar nuestra carrera con la mejor punter\u00eda de que disponemos. Puede que dudemos entre lo necesario y lo deseable y descubramos por el camino que nuestro destino se fragua desde la <a href=\"http:\/\/es.wikipedia.org\/wiki\/Serendipia\" target=\"_blank\"><strong>serendipia<\/strong> <\/a>(2), como contaba <strong><a href=\"http:\/\/youtu.be\/vXJYrrLGNAo\" target=\"_blank\">Steve Jobs a los estudiantes de Stanford<\/a><\/strong> (3). Una posible tercera v\u00eda es que nos adaptemos a la tradici\u00f3n, profesional o gremial, de nuestros padres o entornos y continuemos su empresa o busquemos empleo, medios, \u00a0salidas e incluso vocaciones, por contagio o empat\u00eda, en lo m\u00e1s cercano y conocido.<\/p>\n<p>A partir de cualquiera de estos escenarios se han desarrollado personas y organizaciones que, por volumen de negocio, notoriedad profesional, hechos puntuales o descubrimientos, conocemos por tradici\u00f3n oral, por los medios o por sus bi\u00f3grafos. \u00bfOs gusta leer biograf\u00edas? Siempre se aprenden cosas \u00bfno?<\/p>\n<p><strong>\u00bfPodr\u00edamos aprender de nosotros mismos igual que lo hacemos de otros?<\/strong> <strong>\u00bfSer\u00eda productivo para organizaciones y profesionales verse a s\u00ed mismas con la mirada de su propio \u00a0bi\u00f3grafo?<\/strong><br \/>\n\u00bfOfrecer\u00eda m\u00e1s informaci\u00f3n que \u00a0la de un asesor, publicitario, marketiniano o, incluso la mirada habitual que <a href=\"http:\/\/www.reinicio.net\/wp-content\/uploads\/2014\/04\/c57b62014007009146507d43b5cfb30c.jpg\"><img loading=\"lazy\" decoding=\"async\" class=\"alignright  wp-image-711\" src=\"http:\/\/www.reinicio.net\/wp-content\/uploads\/2014\/04\/c57b62014007009146507d43b5cfb30c.jpg\" alt=\"c57b62014007009146507d43b5cfb30c\" width=\"346\" height=\"480\" srcset=\"https:\/\/www.reinicio.net\/wp-content\/uploads\/2014\/04\/c57b62014007009146507d43b5cfb30c.jpg 620w, https:\/\/www.reinicio.net\/wp-content\/uploads\/2014\/04\/c57b62014007009146507d43b5cfb30c-216x300.jpg 216w\" sizes=\"(max-width: 346px) 100vw, 346px\" \/><\/a>usamos para reunir nuestros propios datos, t\u00edtulos y logros para escribir informes o curr\u00edcula? Si as\u00ed fuera, \u00bfqu\u00e9 necesitar\u00edamos para llegar a vernos como lo har\u00eda nuestro bi\u00f3grafo?<br \/>\nEs evidente que la distancia que el tiempo ofrece a un bi\u00f3grafo est\u00e1 fuera de nuestro alcance. Tambi\u00e9n su (presunta) objetividad pero, <strong>\u00bfno tenemos nosotros m\u00e1s n\u00edtida la experiencia de nuestras etapas y su correlaci\u00f3n?<\/strong><\/p>\n<p>En otras palabras, \u00bfpodemos analizar nuestro recorrido desde el punto de vista del aprendizaje de cada fase por la que pasamos, de c\u00f3mo encaja o desencaja con la siguiente fase, de qu\u00e9 resultados ofrece, qu\u00e9 nos da y qu\u00e9 nos quita, c\u00f3mo contribuye a nuestra identidad (siempre viva y mutante, aun sobre fuertes pilares)? Si consigui\u00e9ramos hacerlo \u00bfpodr\u00edamos aprender mejor qu\u00e9 y qu\u00e9 no decidir para la siguiente fase de nuestra vida? Es evidente que, a partir de cierta edad (corporativa o vital), tenemos un dibujo m\u00e1s pormenorizado del mapa recorrido pero el desaf\u00edo que aqu\u00ed planteamos es adelantar esa visi\u00f3n para actuar con ella con toda la energ\u00eda que el viaje pide en cada pr\u00f3xima estaci\u00f3n. <strong>El tiempo, como describe S. Jobs, nos da esa perspectiva pero&#8230; \u00bfC\u00f3mo podemos tener esa visi\u00f3n de lo recorrido cuando no disponemos de la historia completa?<\/strong><\/p>\n<h2><span style=\"color: #ff6600;\"><strong>Contexto, realidad y aprendizaje<\/strong><\/span><\/h2>\n<p>Vivimos un momento de enorme cambio estructural en el que la informaci\u00f3n es inmensa y muy compartida. Se dice que cient\u00edfico del siglo XVIII pod\u00eda aprender y asimilar el conocimiento de la matem\u00e1tica desarrollada hasta su propio tiempo. Hoy, cualquier disciplina supera con creces lo que un solo hombre puede asimilar en toda su vida.<\/p>\n<p>El desarrollo de cualquier ciencia y experiencia est\u00e1, a la vez, a nuestro alcance m\u00e1s que nunca antes: la cultura objetiva es inmensa pero tenemos m\u00e1s acceso a ella y m\u00e1s opciones para desarrollar nuestra propia <a href=\"http:\/\/norojorgefilosofia.blogspot.com.es\/2009\/04\/145-cultura-objetiva-cultura-subjetiva.html\" target=\"_blank\"><strong>cultura subjetiva<\/strong> <\/a>(4), y nuestra identidad puede enriquecerse con ella. \u00bfPodr\u00eda ser este acceso lo que nos facilite el \u00e1ngulo de visi\u00f3n mencionado sobre qu\u00e9 hemos aprendido y c\u00f3mo usarlo? Una asertiva selecci\u00f3n juega aqu\u00ed un papel vital para no perdernos en la m\u00e1s que probable <strong><a href=\"http:\/\/papelesdeinteligencia.com\/infoxicacion-o-el-problema-del-exceso-de-informacion\/\" target=\"_blank\">infoxicaci\u00f3n<\/a><\/strong> (5).<\/p>\n<p>Preguntas como <strong>\u00bfQu\u00e9 aprend\u00ed cuando pas\u00e9 por all\u00ed?<\/strong> \u00bfD\u00f3nde nos encontramos en este momento? <strong>\u00bfQu\u00e9 objetivo me motivaba?<\/strong> \u00bfY ahora? <strong>\u00bfCu\u00e1l quiero alcanzar?<\/strong> \u00bfQu\u00e9 necesito para conseguirlo?, etc. <strong>Pueden enriquecer sus respuestas si encontramos conceptos clave a partir de los que elegir la <a href=\"http:\/\/www.utp.edu.co\/~chumanas\/revistas\/revistas\/rev28\/veron.htm\" target=\"_blank\">experiencia<\/a><\/strong> (6) m\u00e1s productiva y herramientas para poder evaluar nuestra biograf\u00eda y nutrirla, aprendiendo y ampliando nuestra \u00e1rea de influencia en el presente a partir de \u201cabordar el aprendizaje y la renovaci\u00f3n desde las cuatro partes de nuestra naturaleza: cuerpo, mente, coraz\u00f3n y esp\u00edritu. No podemos descuidar ninguna de estas partes si esperamos alcanzar el equilibrio y realizar grandes avances.\u201d <a href=\"http:\/\/www.gestion.com.do\/index.php\/julio-2010\/156-stephen-covey-habitos-y-principios-para-un-entorno-desafiante\" target=\"_blank\">Stephen Covey<\/a> (7)<br \/>\nSabemos d\u00f3nde localizar esas partes como personas pero:<\/p>\n<p><strong>\u00bfCu\u00e1l es el \u201ccuerpo\u201d de una organizaci\u00f3n?<\/strong> Las personas que la componen.<br \/>\n<strong>\u00bfCu\u00e1l es su \u201cmente\u201d?<\/strong> los l\u00edderes que la pilotan.<br \/>\n<strong>\u00bfSu coraz\u00f3n?<\/strong> La visi\u00f3n que la mueve y c\u00f3mo hace para llegar a ella.<br \/>\n<strong>\u00bfSu esp\u00edritu?<\/strong> Los valores que la dan forma y la estrategia para ponerlos en acci\u00f3n.<\/p>\n<p><strong>Las empresas son tambi\u00e9n entes org\u00e1nicos y renuevan y desactivan su energ\u00eda si se conf\u00edan y no nutren constantemente cada una de sus partes.<\/strong> Todos conocemos ejemplos de decadencia y muerte de organizaciones por dejadez o exceso de confianza en \u201clo que ha funcionado hasta ahora\u201d.<\/p>\n<p>Si evaluamos lo aprendido con serenidad y autoan\u00e1lisis podemos encontrar qu\u00e9 necesitamos en cada una de las partes para abrir posibilidades y convertir los errores en aprendizaje. Conectar as\u00ed los puntos de aprendizaje, adaptarlo a los cambios que vivimos, reenfocarlo y alcanzar nuevos objetivos. Si a\u00f1adimos a este proceso <a href=\"http:\/\/www.alfredobenitez.com\/keep-calm-and-follow-your-heart\/\" target=\"_blank\">la <strong>intuici\u00f3n<\/strong><\/a> (8), la masa \u00faltima con que el bi\u00f3grafo amalgama y completa su historia, podemos potenciar nuestra energ\u00eda y encontrar motivaciones que no ve\u00edamos antes. As\u00ed, nuestra capacidad y posibilidades de conectar, con nosotros mismos y con el entorno, pueden multiplicarse y aumenta nuestra capacidad de adaptaci\u00f3n al cambio.<\/p>\n<p>Se trata de <span style=\"text-decoration: underline;\">nuestra biograf\u00eda<\/span>, la de nuestra vida y profesi\u00f3n; la experiencia de nuestra empresa u organizaci\u00f3n. Desde nuestros valores e identidad, podemos modelarla antes de mirar hacia atr\u00e1s para escribir nuestras memorias.<\/p>\n<p>Enlaces:<br \/>\n(1)<a href=\"%20http:\/\/blogs.elconfidencial.com\/alma-corazon-vida\/relacion-padres-hijos\/2012\/07\/27\/la-identidad-del-nino-quien-es-y-quien-cree-que-es-102650\" target=\"_blank\"> http:\/\/blogs.elconfidencial.com\/alma-corazon-vida\/relacion-padres-hijos\/2012\/07\/27\/la-identidad-del-nino-quien-es-y-quien-cree-que-es-102650<br \/>\n<\/a>(1bis)<a href=\"%20http:\/\/youtu.be\/TOHaSdZfwP4\" target=\"_blank\"> http:\/\/youtu.be\/TOHaSdZfwP4<br \/>\n<\/a>(2) <a href=\"http:\/\/es.wikipedia.org\/wiki\/Serendipia\" target=\"_blank\">http:\/\/es.wikipedia.org\/wiki\/Serendipia<br \/>\n<\/a>(3) <a href=\"http:\/\/youtu.be\/vXJYrrLGNAo\" target=\"_blank\">http:\/\/youtu.be\/vXJYrrLGNAo<br \/>\n<\/a>(4) <a href=\"http:\/\/norojorgefilosofia.blogspot.com.es\/2009\/04\/145-cultura-objetiva-cultura-subjetiva.html\" target=\"_blank\">http:\/\/norojorgefilosofia.blogspot.com.es\/2009\/04\/145-cultura-objetiva-cultura-subjetiva.html<br \/>\n<\/a>(5) <a href=\"http:\/\/papelesdeinteligencia.com\/infoxicacion-o-el-problema-del-exceso-de-informacion\/\" target=\"_blank\">http:\/\/papelesdeinteligencia.com\/infoxicacion-o-el-problema-del-exceso-de-informacion\/<br \/>\n<\/a>(6) <a href=\"http:\/\/www.utp.edu.co\/~chumanas\/revistas\/revistas\/rev28\/veron.htm\" target=\"_blank\">http:\/\/www.utp.edu.co\/~chumanas\/revistas\/revistas\/rev28\/veron.htm<br \/>\n<\/a>(7) <a href=\"http:\/\/www.gestion.com.do\/index.php\/julio-2010\/156-stephen-covey-habitos-y-principios-para-un-entorno-desafiante\" target=\"_blank\">http:\/\/www.gestion.com.do\/index.php\/julio-2010\/156-stephen-covey-habitos-y-principios-para-un-entorno-desafiante<br \/>\n<\/a>(8) <a href=\"%20http:\/\/www.alfredobenitez.com\/keep-calm-and-follow-your-heart\/\" target=\"_blank\">http:\/\/www.alfredobenitez.com\/keep-calm-and-follow-your-heart\/<\/a><\/p>\n","protected":false},"excerpt":{"rendered":"<p><img decoding=\"async\" class=\"size-medium alignright wp-image-91\" title=\"Biograf\u00eda versus Memorias\" src=\"http:\/\/www.reinicio.net\/wp-content\/uploads\/2014\/04\/01295131259358034.jpg\" style=\"margin: -30px 0 0 26px;\"<strong>\u00bfPodr\u00edamos aprender de nosotros mismos igual que lo hacemos de otros?<\/strong> <strong>\u00bfSer\u00eda productivo para organizaciones y profesionales verse a s\u00ed mismas con la mirada de su propio  bi\u00f3grafo?<\/strong> \u00bfOfrecer\u00eda m\u00e1s informaci\u00f3n que  la de un asesor, publicitario, marketiniano o, incluso la mirada habitual que usamos para reunir nuestros propios datos, t\u00edtulos y logros para escribir informes o curr\u00edcula? Si as\u00ed fuera, \u00bfqu\u00e9 necesitar\u00edamos para llegar a vernos como lo har\u00eda nuestro bi\u00f3grafo?<br \/>\nEs evidente que la distancia que el tiempo ofrece a un bi\u00f3grafo est\u00e1 fuera de nuestro alcance. Tambi\u00e9n su (presunta) objetividad pero, <strong>\u00bfno tenemos nosotros m\u00e1s n\u00edtida la experiencia de nuestras etapas y su correlaci\u00f3n?<\/strong><\/p>\n","protected":false},"author":2,"featured_media":0,"comment_status":"open","ping_status":"open","sticky":false,"template":"","format":"standard","meta":{"_monsterinsights_skip_tracking":false,"_monsterinsights_sitenote_active":false,"_monsterinsights_sitenote_note":"","_monsterinsights_sitenote_category":0,"footnotes":""},"categories":[8],"tags":[18,36,26,24,9,34,22,16],"class_list":["post-707","post","type-post","status-publish","format-standard","hentry","category-nos-interesa","tag-confianza","tag-escucha","tag-estrategy","tag-human-resources","tag-identidad","tag-relaciones","tag-relationship","tag-sostenibilidad"],"_links":{"self":[{"href":"https:\/\/www.reinicio.net\/index.php\/wp-json\/wp\/v2\/posts\/707"}],"collection":[{"href":"https:\/\/www.reinicio.net\/index.php\/wp-json\/wp\/v2\/posts"}],"about":[{"href":"https:\/\/www.reinicio.net\/index.php\/wp-json\/wp\/v2\/types\/post"}],"author":[{"embeddable":true,"href":"https:\/\/www.reinicio.net\/index.php\/wp-json\/wp\/v2\/users\/2"}],"replies":[{"embeddable":true,"href":"https:\/\/www.reinicio.net\/index.php\/wp-json\/wp\/v2\/comments?post=707"}],"version-history":[{"count":25,"href":"https:\/\/www.reinicio.net\/index.php\/wp-json\/wp\/v2\/posts\/707\/revisions"}],"predecessor-version":[{"id":762,"href":"https:\/\/www.reinicio.net\/index.php\/wp-json\/wp\/v2\/posts\/707\/revisions\/762"}],"wp:attachment":[{"href":"https:\/\/www.reinicio.net\/index.php\/wp-json\/wp\/v2\/media?parent=707"}],"wp:term":[{"taxonomy":"category","embeddable":true,"href":"https:\/\/www.reinicio.net\/index.php\/wp-json\/wp\/v2\/categories?post=707"},{"taxonomy":"post_tag","embeddable":true,"href":"https:\/\/www.reinicio.net\/index.php\/wp-json\/wp\/v2\/tags?post=707"}],"curies":[{"name":"wp","href":"https:\/\/api.w.org\/{rel}","templated":true}]}}