{"id":648,"date":"2014-03-08T22:00:56","date_gmt":"2014-03-08T20:00:56","guid":{"rendered":"http:\/\/www.reinicio.net\/?p=648"},"modified":"2014-03-27T13:18:25","modified_gmt":"2014-03-27T11:18:25","slug":"responsables-de-lo-que-decimos","status":"publish","type":"post","link":"https:\/\/www.reinicio.net\/index.php\/responsables-de-lo-que-decimos\/","title":{"rendered":"Comunicar y verificar"},"content":{"rendered":"<p>Es sabido que <strong>podemos ser responsables de lo que decimos pero no de lo que nos interpretan los dem\u00e1s<\/strong> pero: \u00bfRealmente <strong>nos interesa qu\u00e9 escuchan o interpretan los dem\u00e1s<\/strong>? \u00bfSomos plenamente responsables de lo que decimos? <strong>\u00bfVerificamos lo que nos escuchan y lo que escuchamos?<\/strong> \u00bfQu\u00e9 podr\u00edamos hacer para mejorar nuestra comunicaci\u00f3n?<a href=\"http:\/\/www.reinicio.net\/wp-content\/uploads\/2014\/03\/0002.jpg\"><img loading=\"lazy\" decoding=\"async\" class=\"alignright  wp-image-650\" alt=\"0002\" src=\"http:\/\/www.reinicio.net\/wp-content\/uploads\/2014\/03\/0002.jpg\" width=\"311\" height=\"351\" srcset=\"https:\/\/www.reinicio.net\/wp-content\/uploads\/2014\/03\/0002.jpg 500w, https:\/\/www.reinicio.net\/wp-content\/uploads\/2014\/03\/0002-266x300.jpg 266w\" sizes=\"(max-width: 311px) 100vw, 311px\" \/><\/a><\/p>\n<p>Este art\u00edculo de <a href=\"http:\/\/www.linkedin.com\/in\/josecavd\">Jos\u00e9 Carlos Vicente D\u00edaz <\/a>ofrece ejemplos de algunos casos con cuantiosas p\u00e9rdidas motivadas por errores (a veces incluso en peque\u00f1os matices) en la comunicaci\u00f3n y algunas pistas para corregir y alinear nuestros mensajes y nuestra escucha con la de nuestros interlocutores.<br \/>\nSaludos a tod@s y que os resulte interesante :o)<br \/>\nPhoto credit: <a href=\"http:\/\/www.anitakunz.com\">Anita Kunz<\/a><\/p>\n<p><a href=\" http:\/\/sharingideas-josecavd.blogspot.com.es\/2014\/02\/verificar-lo-obvio-una-obligacion-para.html#more\">http:\/\/sharingideas-josecavd.blogspot.com.es\/2014\/02\/verificar-lo-obvio-una-obligacion-para.html#more<\/a><\/p>\n","protected":false},"excerpt":{"rendered":"<p><img decoding=\"async\" class=\"size-medium alignright wp-image-91\" title=\"Entrada Comunicar y verificar\" src=\"http:\/\/www.reinicio.net\/wp-content\/uploads\/2014\/03\/0003.jpg\" style=\"margin: -30px 0 0 26px;\" \nEs sabido que <strong>podemos ser responsables de lo que decimos pero no de lo que nos interpretan los dem\u00e1s<\/strong> pero: \u00bfRealmente <strong>nos interesa qu\u00e9 escuchan o interpretan los dem\u00e1s<\/strong>? \u00bfSomos plenamente responsables de lo que decimos? <strong>\u00bfVerificamos lo que nos escuchan y lo que escuchamos?<\/strong> \u00bfQu\u00e9 podr\u00edamos hacer para mejorar nuestra comunicaci\u00f3n?<br \/>\nConocemos algunos casos con cuantiosas p\u00e9rdidas motivadas por errores (a veces incluso en peque\u00f1os matices) en la comunicaci\u00f3n y algunas pistas para corregir y alinear nuestros mensajes y nuestra escucha con la de nuestros interlocutores.<br \/>\nPhoto credit: <a href=\"http:\/\/www.anitakunz.com\">Anita Kunz<\/a><\/p>\n","protected":false},"author":2,"featured_media":0,"comment_status":"open","ping_status":"open","sticky":false,"template":"","format":"standard","meta":{"_monsterinsights_skip_tracking":false,"_monsterinsights_sitenote_active":false,"_monsterinsights_sitenote_note":"","_monsterinsights_sitenote_category":0,"footnotes":""},"categories":[8],"tags":[12,36,26,30,9,34,20,35],"class_list":["post-648","post","type-post","status-publish","format-standard","hentry","category-nos-interesa","tag-comunicacion-2","tag-escucha","tag-estrategy","tag-gestion","tag-identidad","tag-relaciones","tag-responsabilidad-social","tag-vecinos"],"_links":{"self":[{"href":"https:\/\/www.reinicio.net\/index.php\/wp-json\/wp\/v2\/posts\/648"}],"collection":[{"href":"https:\/\/www.reinicio.net\/index.php\/wp-json\/wp\/v2\/posts"}],"about":[{"href":"https:\/\/www.reinicio.net\/index.php\/wp-json\/wp\/v2\/types\/post"}],"author":[{"embeddable":true,"href":"https:\/\/www.reinicio.net\/index.php\/wp-json\/wp\/v2\/users\/2"}],"replies":[{"embeddable":true,"href":"https:\/\/www.reinicio.net\/index.php\/wp-json\/wp\/v2\/comments?post=648"}],"version-history":[{"count":15,"href":"https:\/\/www.reinicio.net\/index.php\/wp-json\/wp\/v2\/posts\/648\/revisions"}],"predecessor-version":[{"id":698,"href":"https:\/\/www.reinicio.net\/index.php\/wp-json\/wp\/v2\/posts\/648\/revisions\/698"}],"wp:attachment":[{"href":"https:\/\/www.reinicio.net\/index.php\/wp-json\/wp\/v2\/media?parent=648"}],"wp:term":[{"taxonomy":"category","embeddable":true,"href":"https:\/\/www.reinicio.net\/index.php\/wp-json\/wp\/v2\/categories?post=648"},{"taxonomy":"post_tag","embeddable":true,"href":"https:\/\/www.reinicio.net\/index.php\/wp-json\/wp\/v2\/tags?post=648"}],"curies":[{"name":"wp","href":"https:\/\/api.w.org\/{rel}","templated":true}]}}