{"id":636,"date":"2014-02-04T13:52:44","date_gmt":"2014-02-04T11:52:44","guid":{"rendered":"http:\/\/www.reinicio.net\/?p=636"},"modified":"2014-03-18T22:28:39","modified_gmt":"2014-03-18T20:28:39","slug":"pasear-mirar-conversar-y-comprar","status":"publish","type":"post","link":"https:\/\/www.reinicio.net\/index.php\/pasear-mirar-conversar-y-comprar\/","title":{"rendered":"Pasear, conversar y comprar"},"content":{"rendered":"<p>El debate ya viene de lejos pero en Barcelona estos d\u00edas se habla y decide la cuesti\u00f3n de si <strong>proteger desde la Administraci\u00f3n (Ayuntamiento y\/o Generalidad) los comercios tradicionales<\/strong> que van desapareciendo de la ciudad y, con ellos, el color local y <strong>buena parte de la identidad de una ciudad<\/strong> con mucha <strong>tradici\u00f3n comercial<\/strong> y mucho color en sus calles. En Madrid ni se plantea el debate. <strong>Las grandes superficies han acabado con el negocio de muchas de las tiendas de barrio<\/strong> y simplemente cierran, dejando calles llenas de locales vacios cuyo proceso de degradaci\u00f3n alcanza a la <strong>est\u00e9tica de todo el barrio, a la vida activa y a la comunicaci\u00f3n entre vecinos<\/strong>.<a href=\"http:\/\/www.reinicio.net\/wp-content\/uploads\/2014\/02\/Shopping.jpg\"><img loading=\"lazy\" decoding=\"async\" class=\"alignright  wp-image-637\" alt=\"Shopping\" src=\"http:\/\/www.reinicio.net\/wp-content\/uploads\/2014\/02\/Shopping.jpg\" width=\"681\" height=\"401\" \/><\/a><br \/>\nLos centros comerciales sirven para pasear, comprar y curiosear cosas y personas pero como lugar de convivencia parecen reducir su funci\u00f3n a la cita puntual para cenar o ir al cine. La interacci\u00f3n entre personas se reduce en estos espacios.<br \/>\nAmaz\u00f3n, con su hiperoferta generalista y rompeprecios amenaza, ayudado por el descenso del consumo y el aumento de uso de tecnolog\u00edas de compra, con ser <strong>opci\u00f3n preferente para b\u00fasqueda y compra<\/strong>. El paseo ser\u00e1 por sus p\u00e1ginas y cat\u00e1logos. La conversaci\u00f3n, con su web. EL comercio, centralizado en un monopolio.<br \/>\n<strong>\u00bfNos conformaremos con eso o comerciar es algo m\u00e1s que vender y adquirir productos?<\/strong><\/p>\n<p>Este art\u00edculo se extiende sobre Amazon y los centros comerciales:<\/p>\n<p><a href=\"http:\/\/es.finance.yahoo.com\/noticias\/se-comer\u00e1-amazon-los-grandes-134855303.html\" target=\"_blank\"><br \/>\nhttp:\/\/es.finance.yahoo.com\/noticias\/se-comer\u00e1-amazon-los-grandes-134855303.html<\/a><\/p>\n","protected":false},"excerpt":{"rendered":"<p><img decoding=\"async\" class=\"size-medium alignright wp-image-91\" title=\"Entrada Pensamiento disruptivo\" src=\"http:\/\/www.reinicio.net\/wp-content\/uploads\/2014\/02\/Shopping150.jpg\" style=\"margin: -30px 0 0 26px;\" \n<strong>Las grandes superficies han acabado con el negocio de muchas de las tiendas de barrio<\/strong> y simplemente cierran, dejando calles llenas de locales vacios cuyo proceso de degradaci\u00f3n alcanza a la <strong>est\u00e9tica de todo el barrio, a la vida activa y a la comunicaci\u00f3n entre vecinos<\/strong>.<br \/>\nLos centros comerciales sirven para pasear, comprar y curiosear cosas y personas pero como lugar de convivencia parecen reducir su funci\u00f3n a la cita puntual para cenar o ir al cine. La interacci\u00f3n entre personas se reduce en estos espacios.<\/p>\n","protected":false},"author":2,"featured_media":0,"comment_status":"open","ping_status":"open","sticky":false,"template":"","format":"standard","meta":{"_monsterinsights_skip_tracking":false,"_monsterinsights_sitenote_active":false,"_monsterinsights_sitenote_note":"","_monsterinsights_sitenote_category":0,"footnotes":""},"categories":[8],"tags":[28,18,29,15,27,34,22,20,33,16,35],"class_list":["post-636","post","type-post","status-publish","format-standard","hentry","category-nos-interesa","tag-bussines","tag-confianza","tag-crecimiento","tag-ecologia","tag-negocios","tag-relaciones","tag-relationship","tag-responsabilidad-social","tag-shopping","tag-sostenibilidad","tag-vecinos"],"_links":{"self":[{"href":"https:\/\/www.reinicio.net\/index.php\/wp-json\/wp\/v2\/posts\/636"}],"collection":[{"href":"https:\/\/www.reinicio.net\/index.php\/wp-json\/wp\/v2\/posts"}],"about":[{"href":"https:\/\/www.reinicio.net\/index.php\/wp-json\/wp\/v2\/types\/post"}],"author":[{"embeddable":true,"href":"https:\/\/www.reinicio.net\/index.php\/wp-json\/wp\/v2\/users\/2"}],"replies":[{"embeddable":true,"href":"https:\/\/www.reinicio.net\/index.php\/wp-json\/wp\/v2\/comments?post=636"}],"version-history":[{"count":9,"href":"https:\/\/www.reinicio.net\/index.php\/wp-json\/wp\/v2\/posts\/636\/revisions"}],"predecessor-version":[{"id":668,"href":"https:\/\/www.reinicio.net\/index.php\/wp-json\/wp\/v2\/posts\/636\/revisions\/668"}],"wp:attachment":[{"href":"https:\/\/www.reinicio.net\/index.php\/wp-json\/wp\/v2\/media?parent=636"}],"wp:term":[{"taxonomy":"category","embeddable":true,"href":"https:\/\/www.reinicio.net\/index.php\/wp-json\/wp\/v2\/categories?post=636"},{"taxonomy":"post_tag","embeddable":true,"href":"https:\/\/www.reinicio.net\/index.php\/wp-json\/wp\/v2\/tags?post=636"}],"curies":[{"name":"wp","href":"https:\/\/api.w.org\/{rel}","templated":true}]}}